
{"id":3646,"date":"2026-03-12T11:18:22","date_gmt":"2026-03-12T10:18:22","guid":{"rendered":"https:\/\/www.zd-po.si\/ckz\/?p=3646"},"modified":"2026-03-12T11:29:05","modified_gmt":"2026-03-12T10:29:05","slug":"ko-dobro-spimo-bolje-zivimo","status":"publish","type":"post","link":"https:\/\/www.zd-po.si\/ckz\/ko-dobro-spimo-bolje-zivimo\/","title":{"rendered":"Ko dobro spimo, bolje \u017eivimo"},"content":{"rendered":"<!--themify_builder_content-->\n<div id=\"themify_builder_content-3646\" data-postid=\"3646\" class=\"themify_builder_content themify_builder_content-3646 themify_builder tf_clear\">\n                    <div  data-lazy=\"1\" class=\"module_row themify_builder_row tb_4pzy85 tb_first tf_w\">\n                        <div class=\"row_inner col_align_top tb_col_count_1 tf_box tf_rel\">\n                        <div  data-lazy=\"1\" class=\"module_column tb-column col-full tb_sxjt86 first\">\n                    <!-- module text -->\n<div  class=\"module module-text tb_v64g329   \" data-lazy=\"1\">\n        <div  class=\"tb_text_wrap\">\n        <p><strong>Svetovni dan spanja, ki ga letos obele\u017eujemo 13. marca pod geslom \u00bbKo dobro spimo, bolje \u017eivimo\u00ab, je mednarodna pobuda organizacije World Sleep Society, namenjena ozave\u0161\u010danju o klju\u010dni vlogi spanja za zdravje in dobro po\u010dutje posameznika ter dru\u017ebe.<\/strong><\/p>\n<p>Pobudi od leta 2008 aktivno sledita Slovenska skupina za spanje pri Sekciji za klini\u010dno nevrofiziologijo Slovenskega zdravni\u0161kega dru\u0161tva in Center za motnje spanja. V zadnjih \u0161estih letih se je sodelovanje na pobudo Nacionalnega in\u0161tituta za javno zdravje (NIJZ) raz\u0161irilo v nacionalno skupino strokovnjakov, ki spodbuja znanstveno utemeljene pristope k izbolj\u0161anju spanja v klini\u010dni praksi in \u0161ir\u0161em dru\u017ebenem okolju.<\/p>\n<p>Svetovni dan spanja predstavlja pomembno platformo za izmenjavo znanja, strokovnih izku\u0161enj in dobrih praks na podro\u010dju spanja. Izobra\u017eevalne, klini\u010dne in javnozdravstvene aktivnosti krepijo razumevanje spanja kot temeljnega stebra zdravja, ki je po svojem pomenu ne le primerljiv s prehrano in telesno dejavnostjo, ampak je prvi, za katerega je potrebno poskrbeti.<\/p>\n<p>Spanje je osnovni biolo\u0161ki proces, klju\u010den za telesno in du\u0161evno zdravje ter splo\u0161no dobro po\u010dutje. Kakovostno in zadostno spanje podpira kognitivne funkcije, \u010dustveno stabilnost, presnovno ravnovesje in delovanje imunskega sistema. Nasprotno pa kroni\u010dno pomanjkanje spanja in motnje spanja pove\u010dujejo tveganje za \u0161tevilne bolezni, vklju\u010dno s sr\u010dno-\u017eilnimi obolenji, sladkorno boleznijo, debelostjo, rakom, du\u0161evnimi motnjami in nevrodegenerativnimi boleznimi. Pri otrocih in mladostnikih je spanje ena najosnovnej\u0161ih potreb za zdrav razvoj.<\/p>\n<p>Zdravo spanje je ve\u010ddimenzionalen vzorec, prilagojen posamezniku in njegovemu okolju. Vklju\u010duje ustrezno trajanje spanja, u\u010dinkovitost uspavanja in vzdr\u017eevanja spanja, \u010dasovno ume\u0161\u010denost ter rednost urnika. Odstopanja na katerem koli od teh podro\u010dij lahko pomembno vplivajo na zdravje, delovno u\u010dinkovitost, varnost in kakovost \u017eivljenja.<\/p>\n<p>Strokovna javnost ima klju\u010dno vlogo pri zgodnjem prepoznavanju te\u017eav s spanjem, ustrezni diagnostiki ter vklju\u010devanju preventivnih in terapevtskih ukrepov v prakso. Motnje spanja, ki predstavljajo razli\u010dne skupine bolezni, so zelo pogoste, vendar \u017eal velikokrat neprepoznane. Nespe\u010dnost, kot najpogostej\u0161a motnja spanja v vseh starostih obdobjih, je pogosto neustrezno zdravljena s \u010dezmerno farmakolo\u0161ko terapijo, saj ustrezna vedenjsko-kognitivna terapija ni dovolj dostopna. Splo\u0161no vedenje o drugih motnjah spanja, kot so motnje gibanja v spanju, parasomnije ipd., pa je nezadostno za ustrezno prepoznavo in lo\u010devanje od nespe\u010dnosti ali neustrezne higiene spanja. Zato sistemati\u010dno naslavljanje zdravega spanja v zdravstvenih, izobra\u017eevalnih in delovnih okoljih in prepoznava motenj spanja ter njihovo ustrezno zdravljenje predstavljajo pomemben korak k zmanj\u0161evanju bremena bolezni, izbolj\u0161anju kakovosti \u017eivljenja ter krepitvi dolgoro\u010dne odpornosti prebivalstva.<\/p>\n<p>Na spalne navade vplivajo biolo\u0161ki procesi, telesno in du\u0161evno zdravje, stres, delovni in \u017eivljenjski pogoji ter \u0161ir\u0161e dru\u017ebeno okolje. Zdravo spanje je tesno povezano s konceptom dnevnih gibalnih vedenj, ki obravnava telesno dejavnost, sedentarno vedenje in spanje kot medsebojno odvisne sestavine 24-urnega gibalnega vedenja. Celostno razumevanje teh dejavnikov omogo\u010da u\u010dinkovite preventivne ukrepe in razvoj okolij, ki podpirajo zdrave izbire.<\/p>\n<p>NIJZ, ki s svojimi aktivnostmi povezuje partnerje na medinstitucionalni in medsektorski ravni, poudarja, da je za zdravo spanje klju\u010dna tako osebna kot tudi skupnostna skrb. Trajne in u\u010dinkovite izbolj\u0161ave je mogo\u010de dose\u010di le, \u010de je zdravo spanje sistemati\u010dno podprto v vseh politikah in na vseh podro\u010djih, ki nanj vplivajo.<\/p>\n<p>Predstavniki Sinapse \u2013 Slovensko dru\u0161tvo za nevroznanost poudarjajo, da je kakovosten spanec ena najpomembnej\u0161ih in hkrati najpreprostej\u0161ih nalo\u017eb v zdravje mo\u017eganov, saj med spanjem poteka odstranjevanje presnovnih odpadkov in \u0161kodljivih beljakovin ki se \u010dez dan kopi\u010dijo, zato redno in kakovostno spanje prispeva k ohranjanju \u017eiv\u010dnih celic v bolj\u0161i kondiciji. Kroni\u010dno pomanjkanje spanja pa pove\u010duje vnetne procese in tveganje za nevrodegenerativne bolezni.<\/p>\n<p>Pomen spanja se jasno odra\u017ea tudi v delovnem okolju. Raziskovalci Vedenjskega laboratorija Ekonomske fakultete Univerze v Ljubljani izpostavljajo, da dobro spanje bistveno izbolj\u0161uje delovno uspe\u0161nost, saj izbolj\u0161uje spoznavne funkcije, kot so spomin, pozornost, odlo\u010danje in re\u0161evanje problemov. Zaposleni, ki redno spijo dovolj in kakovostno, izkazujejo ve\u010djo kreativnost, bolj\u0161e uravnavanje \u010dustev ter manj stresa in konfliktov na delovnem mestu. Nasprotno pa slabo spanje pove\u010duje verjetnost napak, zmanj\u0161uje storilnost, pove\u010duje odsotnost z dela in tveganje za nezgode. Spodbujanje zdravih spalnih navad je zato klju\u010den element varnega, zdravega in produktivnega delovnega okolja.<\/p>\n<p>Na Ministrstvu za kulturo so zapisali: \u00bbK zdravemu spanju lahko tako pri otrocih kot odraslih prispevajo dejavnosti, ki nas umirijo, kot so: skupno branje odraslih in otrok, samostojno branje, poslu\u0161anje pravljic, zgodb in glasbe. Navajanje na tovrstne dejavnosti pred spanjem je klju\u010dno \u017ee v zgodnjem otro\u0161tvu, saj kakovostne vsebine in \u010dustveno varno okolje otroku omogo\u010dajo, da umiri svoje misli in se la\u017eje potopi v spanec. \u010ce to rutino osvojimo kot otroci, bo postala potreba, ki bo pomemben del zagotavljanja dobrega po\u010dutja tudi v odrasli dobi.\u00ab<\/p>\n<p><strong>Svetovni dan spanja je zato prilo\u017enost za skupno sporo\u010dilo: skrb za zdravo spanje pomeni skrb za zdravje posameznika, uspe\u0161nost organizacij in dobrobit celotne dru\u017ebe.<\/strong><\/p>\n<p>\u00a0<\/p>\n<p>Podpisani:<\/p>\n<ul>\n<li>Nacionalni in\u0161titut za javno zdravje<\/li>\n<li>doc. dr. Barbara Gnidovec Stra\u017ei\u0161ar, dr. med., spec. otro\u0161ke nevrologije in spec. pediatrije, ESRS somnolog, Center za motnje spanja (CMS)<\/li>\n<li>prof. dr. Leja Dolenc Gro\u0161elj, dr. med., spec. nevrologije, ESRS somnolog, Center za motnje spanja (CMS)<\/li>\n<li>prof. dr. Boris Rogelj, dipl. biolog, predsednik Slovenskega dru\u0161tva za nevroznanost SiNAPSA<\/li>\n<li>doc. dr. Vita \u0160tukovnik, univ. dipl. psih., spec. klini\u010dne psihologije, Oddelek za psihologijo, Filozofska fakulteta Univerze v Mariboru<\/li>\n<li>doc. dr. Jana Kodri\u010d, univ. dipl. psih., spec. klini\u010dne psihologije, UKC Ljubljana, Pediatri\u010dna klinika<\/li>\n<li>asist. Kristina Ziherl, dr.med, spec. pnevmologije, E.S., Oddelek za motnje dihanja v spanju Univerzitetna klinika za plju\u010dne bolezni in alergijo Golnik<\/li>\n<li>asist. Dani Mirnik, dr. med., spec. medicine dela, prometa in \u0161porta, Zavod za varstvo pri delu<\/li>\n<li>Asist. Sa\u0161a Vipotnik, dr. med., spec. nevrologije, In\u0161titut za nevrofiziologijo UKC Ljubljana Ekipa raziskovalcev Ekonomske fakultete Univerze v Ljubljani<\/li>\n<li>Ministrstvo za zdravje<\/li>\n<li>Ministrstvo za kulturo<\/li>\n<\/ul>\n<p>Viri:<\/p>\n<p>1. World sleep day; dostopno na: <a href=\"https:\/\/worldsleepday.org\/\">https:\/\/worldsleepday.org\/ <\/a><\/p>\n<p>2. Spletna stran NIJZ: <a href=\"https:\/\/nijz.si\/zivljenjski-slog\/spanje\/\">https:\/\/nijz.si\/zivljenjski-slog\/spanje\/ <\/a><\/p>\n<p>Dodatne informacije:<\/p>\n<p>Nacionalni in\u0161titut za javno zdravje<\/p>\n<p>Center za komuniciranje<\/p>\n<p>Trubarjeva 2,<\/p>\n<p>SI-1000 Ljubljana<\/p>\n<p>Telefon: 01 2441 494, 01 2441 587<\/p>\n<p>pr@nijz.si www.nijz.si<\/p>\n<p>\u00a0<\/p>    <\/div>\n<\/div>\n<!-- \/module text -->        <\/div>\n                        <\/div>\n        <\/div>\n                        <div  data-lazy=\"1\" class=\"module_row themify_builder_row tb_ixhs358 tf_w\">\n                        <div class=\"row_inner col_align_top tb_col_count_1 tf_box tf_rel\">\n                        <div  data-lazy=\"1\" class=\"module_column tb-column col-full tb_n2qw358 first\">\n                    <!-- module image -->\n<div  class=\"module module-image tb_v2kd598 image-top   tf_mw\" data-lazy=\"1\">\n        <div class=\"image-wrap tf_rel tf_mw\">\n            <img loading=\"lazy\" decoding=\"async\" width=\"808\" height=\"310\" src=\"https:\/\/www.zd-po.si\/ckz\/wp-content\/uploads\/2026\/03\/dan-spanja.png\" class=\"wp-post-image wp-image-3651\" title=\"dan-spanja\" alt=\"dan-spanja\" srcset=\"https:\/\/www.zd-po.si\/ckz\/wp-content\/uploads\/2026\/03\/dan-spanja.png 808w, https:\/\/www.zd-po.si\/ckz\/wp-content\/uploads\/2026\/03\/dan-spanja-300x115.png 300w, https:\/\/www.zd-po.si\/ckz\/wp-content\/uploads\/2026\/03\/dan-spanja-768x295.png 768w\" sizes=\"auto, (max-width: 808px) 100vw, 808px\" \/>    \n        <\/div>\n    <!-- \/image-wrap -->\n    \n        <\/div>\n<!-- \/module image -->        <\/div>\n                        <\/div>\n        <\/div>\n        <\/div>\n<!--\/themify_builder_content-->","protected":false},"excerpt":{"rendered":"<p>Svetovni dan spanja, ki ga letos obele\u017eujemo 13. marca pod geslom \u00bbKo dobro spimo, bolje \u017eivimo\u00ab, je mednarodna pobuda organizacije World Sleep Society, namenjena ozave\u0161\u010danju o klju\u010dni vlogi spanja za zdravje in dobro po\u010dutje posameznika ter dru\u017ebe. Pobudi od leta 2008 aktivno sledita Slovenska skupina za spanje pri Sekciji za klini\u010dno nevrofiziologijo Slovenskega zdravni\u0161kega dru\u0161tva [&hellip;]<\/p>\n","protected":false},"author":1,"featured_media":3659,"comment_status":"closed","ping_status":"open","sticky":false,"template":"","format":"standard","meta":{"advgb_blocks_editor_width":"","advgb_blocks_columns_visual_guide":"","footnotes":""},"categories":[4],"tags":[],"class_list":["post-3646","post","type-post","status-publish","format-standard","has-post-thumbnail","hentry","category-aktualno","has-post-title","has-post-date","has-post-category","has-post-tag","has-post-comment","has-post-author",""],"author_meta":{"display_name":"SiteAdmin","author_link":"https:\/\/www.zd-po.si\/ckz\/author\/siteadmin\/"},"featured_img":"https:\/\/www.zd-po.si\/ckz\/wp-content\/uploads\/2026\/03\/dobro-spimo-300x200.png","coauthors":[],"tax_additional":{"categories":{"linked":["<a href=\"https:\/\/www.zd-po.si\/ckz\/kategorija\/aktualno\/\" class=\"advgb-post-tax-term\">Aktualno<\/a>"],"unlinked":["<span class=\"advgb-post-tax-term\">Aktualno<\/span>"]}},"comment_count":"0","relative_dates":{"created":"Posted 2 meseca ago","modified":"Updated 2 meseca ago"},"absolute_dates":{"created":"Posted on 12 marca, 2026","modified":"Updated on 12 marca, 2026"},"absolute_dates_time":{"created":"Posted on 12 marca, 2026 11:18","modified":"Updated on 12 marca, 2026 11:29"},"featured_img_caption":"","series_order":"","publishpress_future_action":{"enabled":false,"date":"2026-05-06 23:18:09","action":"change-status","newStatus":"draft","terms":[],"taxonomy":"category","extraData":[]},"publishpress_future_workflow_manual_trigger":{"enabledWorkflows":[]},"builder_content":"<p><strong>Svetovni dan spanja, ki ga letos obele\u017eujemo 13. marca pod geslom \u00bbKo dobro spimo, bolje \u017eivimo\u00ab, je mednarodna pobuda organizacije World Sleep Society, namenjena ozave\u0161\u010danju o klju\u010dni vlogi spanja za zdravje in dobro po\u010dutje posameznika ter dru\u017ebe.<\/strong><\/p> <p>Pobudi od leta 2008 aktivno sledita Slovenska skupina za spanje pri Sekciji za klini\u010dno nevrofiziologijo Slovenskega zdravni\u0161kega dru\u0161tva in Center za motnje spanja. V zadnjih \u0161estih letih se je sodelovanje na pobudo Nacionalnega in\u0161tituta za javno zdravje (NIJZ) raz\u0161irilo v nacionalno skupino strokovnjakov, ki spodbuja znanstveno utemeljene pristope k izbolj\u0161anju spanja v klini\u010dni praksi in \u0161ir\u0161em dru\u017ebenem okolju.<\/p> <p>Svetovni dan spanja predstavlja pomembno platformo za izmenjavo znanja, strokovnih izku\u0161enj in dobrih praks na podro\u010dju spanja. Izobra\u017eevalne, klini\u010dne in javnozdravstvene aktivnosti krepijo razumevanje spanja kot temeljnega stebra zdravja, ki je po svojem pomenu ne le primerljiv s prehrano in telesno dejavnostjo, ampak je prvi, za katerega je potrebno poskrbeti.<\/p> <p>Spanje je osnovni biolo\u0161ki proces, klju\u010den za telesno in du\u0161evno zdravje ter splo\u0161no dobro po\u010dutje. Kakovostno in zadostno spanje podpira kognitivne funkcije, \u010dustveno stabilnost, presnovno ravnovesje in delovanje imunskega sistema. Nasprotno pa kroni\u010dno pomanjkanje spanja in motnje spanja pove\u010dujejo tveganje za \u0161tevilne bolezni, vklju\u010dno s sr\u010dno-\u017eilnimi obolenji, sladkorno boleznijo, debelostjo, rakom, du\u0161evnimi motnjami in nevrodegenerativnimi boleznimi. Pri otrocih in mladostnikih je spanje ena najosnovnej\u0161ih potreb za zdrav razvoj.<\/p> <p>Zdravo spanje je ve\u010ddimenzionalen vzorec, prilagojen posamezniku in njegovemu okolju. Vklju\u010duje ustrezno trajanje spanja, u\u010dinkovitost uspavanja in vzdr\u017eevanja spanja, \u010dasovno ume\u0161\u010denost ter rednost urnika. Odstopanja na katerem koli od teh podro\u010dij lahko pomembno vplivajo na zdravje, delovno u\u010dinkovitost, varnost in kakovost \u017eivljenja.<\/p> <p>Strokovna javnost ima klju\u010dno vlogo pri zgodnjem prepoznavanju te\u017eav s spanjem, ustrezni diagnostiki ter vklju\u010devanju preventivnih in terapevtskih ukrepov v prakso. Motnje spanja, ki predstavljajo razli\u010dne skupine bolezni, so zelo pogoste, vendar \u017eal velikokrat neprepoznane. Nespe\u010dnost, kot najpogostej\u0161a motnja spanja v vseh starostih obdobjih, je pogosto neustrezno zdravljena s \u010dezmerno farmakolo\u0161ko terapijo, saj ustrezna vedenjsko-kognitivna terapija ni dovolj dostopna. Splo\u0161no vedenje o drugih motnjah spanja, kot so motnje gibanja v spanju, parasomnije ipd., pa je nezadostno za ustrezno prepoznavo in lo\u010devanje od nespe\u010dnosti ali neustrezne higiene spanja. Zato sistemati\u010dno naslavljanje zdravega spanja v zdravstvenih, izobra\u017eevalnih in delovnih okoljih in prepoznava motenj spanja ter njihovo ustrezno zdravljenje predstavljajo pomemben korak k zmanj\u0161evanju bremena bolezni, izbolj\u0161anju kakovosti \u017eivljenja ter krepitvi dolgoro\u010dne odpornosti prebivalstva.<\/p> <p>Na spalne navade vplivajo biolo\u0161ki procesi, telesno in du\u0161evno zdravje, stres, delovni in \u017eivljenjski pogoji ter \u0161ir\u0161e dru\u017ebeno okolje. Zdravo spanje je tesno povezano s konceptom dnevnih gibalnih vedenj, ki obravnava telesno dejavnost, sedentarno vedenje in spanje kot medsebojno odvisne sestavine 24-urnega gibalnega vedenja. Celostno razumevanje teh dejavnikov omogo\u010da u\u010dinkovite preventivne ukrepe in razvoj okolij, ki podpirajo zdrave izbire.<\/p> <p>NIJZ, ki s svojimi aktivnostmi povezuje partnerje na medinstitucionalni in medsektorski ravni, poudarja, da je za zdravo spanje klju\u010dna tako osebna kot tudi skupnostna skrb. Trajne in u\u010dinkovite izbolj\u0161ave je mogo\u010de dose\u010di le, \u010de je zdravo spanje sistemati\u010dno podprto v vseh politikah in na vseh podro\u010djih, ki nanj vplivajo.<\/p> <p>Predstavniki Sinapse \u2013 Slovensko dru\u0161tvo za nevroznanost poudarjajo, da je kakovosten spanec ena najpomembnej\u0161ih in hkrati najpreprostej\u0161ih nalo\u017eb v zdravje mo\u017eganov, saj med spanjem poteka odstranjevanje presnovnih odpadkov in \u0161kodljivih beljakovin ki se \u010dez dan kopi\u010dijo, zato redno in kakovostno spanje prispeva k ohranjanju \u017eiv\u010dnih celic v bolj\u0161i kondiciji. Kroni\u010dno pomanjkanje spanja pa pove\u010duje vnetne procese in tveganje za nevrodegenerativne bolezni.<\/p> <p>Pomen spanja se jasno odra\u017ea tudi v delovnem okolju. Raziskovalci Vedenjskega laboratorija Ekonomske fakultete Univerze v Ljubljani izpostavljajo, da dobro spanje bistveno izbolj\u0161uje delovno uspe\u0161nost, saj izbolj\u0161uje spoznavne funkcije, kot so spomin, pozornost, odlo\u010danje in re\u0161evanje problemov. Zaposleni, ki redno spijo dovolj in kakovostno, izkazujejo ve\u010djo kreativnost, bolj\u0161e uravnavanje \u010dustev ter manj stresa in konfliktov na delovnem mestu. Nasprotno pa slabo spanje pove\u010duje verjetnost napak, zmanj\u0161uje storilnost, pove\u010duje odsotnost z dela in tveganje za nezgode. Spodbujanje zdravih spalnih navad je zato klju\u010den element varnega, zdravega in produktivnega delovnega okolja.<\/p> <p>Na Ministrstvu za kulturo so zapisali: \u00bbK zdravemu spanju lahko tako pri otrocih kot odraslih prispevajo dejavnosti, ki nas umirijo, kot so: skupno branje odraslih in otrok, samostojno branje, poslu\u0161anje pravljic, zgodb in glasbe. Navajanje na tovrstne dejavnosti pred spanjem je klju\u010dno \u017ee v zgodnjem otro\u0161tvu, saj kakovostne vsebine in \u010dustveno varno okolje otroku omogo\u010dajo, da umiri svoje misli in se la\u017eje potopi v spanec. \u010ce to rutino osvojimo kot otroci, bo postala potreba, ki bo pomemben del zagotavljanja dobrega po\u010dutja tudi v odrasli dobi.\u00ab<\/p> <p><strong>Svetovni dan spanja je zato prilo\u017enost za skupno sporo\u010dilo: skrb za zdravo spanje pomeni skrb za zdravje posameznika, uspe\u0161nost organizacij in dobrobit celotne dru\u017ebe.<\/strong><\/p> <p>\u00a0<\/p> <p>Podpisani:<\/p> <ul> <li>Nacionalni in\u0161titut za javno zdravje<\/li> <li>doc. dr. Barbara Gnidovec Stra\u017ei\u0161ar, dr. med., spec. otro\u0161ke nevrologije in spec. pediatrije, ESRS somnolog, Center za motnje spanja (CMS)<\/li> <li>prof. dr. Leja Dolenc Gro\u0161elj, dr. med., spec. nevrologije, ESRS somnolog, Center za motnje spanja (CMS)<\/li> <li>prof. dr. Boris Rogelj, dipl. biolog, predsednik Slovenskega dru\u0161tva za nevroznanost SiNAPSA<\/li> <li>doc. dr. Vita \u0160tukovnik, univ. dipl. psih., spec. klini\u010dne psihologije, Oddelek za psihologijo, Filozofska fakulteta Univerze v Mariboru<\/li> <li>doc. dr. Jana Kodri\u010d, univ. dipl. psih., spec. klini\u010dne psihologije, UKC Ljubljana, Pediatri\u010dna klinika<\/li> <li>asist. Kristina Ziherl, dr.med, spec. pnevmologije, E.S., Oddelek za motnje dihanja v spanju Univerzitetna klinika za plju\u010dne bolezni in alergijo Golnik<\/li> <li>asist. Dani Mirnik, dr. med., spec. medicine dela, prometa in \u0161porta, Zavod za varstvo pri delu<\/li> <li>Asist. Sa\u0161a Vipotnik, dr. med., spec. nevrologije, In\u0161titut za nevrofiziologijo UKC Ljubljana Ekipa raziskovalcev Ekonomske fakultete Univerze v Ljubljani<\/li> <li>Ministrstvo za zdravje<\/li> <li>Ministrstvo za kulturo<\/li> <\/ul> <p>Viri:<\/p> <p>1. World sleep day; dostopno na: <a href=\"https:\/\/worldsleepday.org\/\">https:\/\/worldsleepday.org\/ <\/a><\/p> <p>2. Spletna stran NIJZ: <a href=\"https:\/\/nijz.si\/zivljenjski-slog\/spanje\/\">https:\/\/nijz.si\/zivljenjski-slog\/spanje\/ <\/a><\/p> <p>Dodatne informacije:<\/p> <p>Nacionalni in\u0161titut za javno zdravje<\/p> <p>Center za komuniciranje<\/p> <p>Trubarjeva 2,<\/p> <p>SI-1000 Ljubljana<\/p> <p>Telefon: 01 2441 494, 01 2441 587<\/p> <p>pr@nijz.si www.nijz.si<\/p> <p>\u00a0<\/p>\n<img src=\"https:\/\/www.zd-po.si\/ckz\/wp-content\/uploads\/2026\/03\/dan-spanja.png\" title=\"dan-spanja\" alt=\"dan-spanja\" srcset=\"https:\/\/www.zd-po.si\/ckz\/wp-content\/uploads\/2026\/03\/dan-spanja.png 808w, https:\/\/www.zd-po.si\/ckz\/wp-content\/uploads\/2026\/03\/dan-spanja-300x115.png 300w, https:\/\/www.zd-po.si\/ckz\/wp-content\/uploads\/2026\/03\/dan-spanja-768x295.png 768w\" sizes=\"(max-width: 808px) 100vw, 808px\" \/>","_links":{"self":[{"href":"https:\/\/www.zd-po.si\/ckz\/wp-json\/wp\/v2\/posts\/3646","targetHints":{"allow":["GET"]}}],"collection":[{"href":"https:\/\/www.zd-po.si\/ckz\/wp-json\/wp\/v2\/posts"}],"about":[{"href":"https:\/\/www.zd-po.si\/ckz\/wp-json\/wp\/v2\/types\/post"}],"author":[{"embeddable":true,"href":"https:\/\/www.zd-po.si\/ckz\/wp-json\/wp\/v2\/users\/1"}],"replies":[{"embeddable":true,"href":"https:\/\/www.zd-po.si\/ckz\/wp-json\/wp\/v2\/comments?post=3646"}],"version-history":[{"count":9,"href":"https:\/\/www.zd-po.si\/ckz\/wp-json\/wp\/v2\/posts\/3646\/revisions"}],"predecessor-version":[{"id":3660,"href":"https:\/\/www.zd-po.si\/ckz\/wp-json\/wp\/v2\/posts\/3646\/revisions\/3660"}],"wp:featuredmedia":[{"embeddable":true,"href":"https:\/\/www.zd-po.si\/ckz\/wp-json\/wp\/v2\/media\/3659"}],"wp:attachment":[{"href":"https:\/\/www.zd-po.si\/ckz\/wp-json\/wp\/v2\/media?parent=3646"}],"wp:term":[{"taxonomy":"category","embeddable":true,"href":"https:\/\/www.zd-po.si\/ckz\/wp-json\/wp\/v2\/categories?post=3646"},{"taxonomy":"post_tag","embeddable":true,"href":"https:\/\/www.zd-po.si\/ckz\/wp-json\/wp\/v2\/tags?post=3646"}],"curies":[{"name":"wp","href":"https:\/\/api.w.org\/{rel}","templated":true}]}}